[{"@context":"https:\/\/schema.org\/","@type":"Article","@id":"https:\/\/www.salis.cz\/budte-vybaveni-na-silvestrovske-oslavy\/#Article","mainEntityOfPage":"https:\/\/www.salis.cz\/budte-vybaveni-na-silvestrovske-oslavy\/","headline":"Bu\u010fte vybaveni na silvestrovsk\u00e9 oslavy","name":"Bu\u010fte vybaveni na silvestrovsk\u00e9 oslavy","description":"Ve v\u0161ech dostupn\u00fdch m\u00e9di\u00edch se nyn\u00ed m\u016f\u017eeme do\u010d\u00edst, \u017ee \u0159\u00e1d\u00ed nejr\u016fzn\u011bj\u0161\u00ed respira\u010dn\u00ed onemocn\u011bn\u00ed, nemocnice za\u010d\u00ednaj\u00ed zakazovat n\u00e1v\u0161t\u011bvy a za\u010d\u00edn\u00e1 se \u010dast\u011bji sklo\u0148ovat slovo ch\u0159ipka a dal\u0161\u00ed nemoc\u00ed. N\u011bkdo si v&hellip;","datePublished":"2022-11-20","dateModified":"2023-05-30","author":{"@type":"Person","@id":"https:\/\/www.salis.cz\/author\/#Person","name":"","url":"https:\/\/www.salis.cz\/author\/","identifier":1,"image":{"@type":"ImageObject","@id":"https:\/\/secure.gravatar.com\/avatar\/dac37d998cdbc92cc7ee5d23d4d689a369122af40c5450007470acab45b61d68?s=96&d=mm&r=g","url":"https:\/\/secure.gravatar.com\/avatar\/dac37d998cdbc92cc7ee5d23d4d689a369122af40c5450007470acab45b61d68?s=96&d=mm&r=g","height":96,"width":96}},"publisher":{"@type":"Organization","name":"salis.cz","logo":{"@type":"ImageObject","@id":"\/logo.png","url":"\/logo.png","width":600,"height":60}},"image":{"@type":"ImageObject","@id":"https:\/\/www.salis.cz\/wp-content\/uploads\/sklenice_1.jpg","url":"https:\/\/www.salis.cz\/wp-content\/uploads\/sklenice_1.jpg","height":0,"width":0},"url":"https:\/\/www.salis.cz\/budte-vybaveni-na-silvestrovske-oslavy\/","about":["Nakupov\u00e1n\u00ed"],"wordCount":418,"articleBody":"         Ve v\u0161ech dostupn\u00fdch m\u00e9di\u00edch se nyn\u00ed m\u016f\u017eeme do\u010d\u00edst, \u017ee \u0159\u00e1d\u00ed nejr\u016fzn\u011bj\u0161\u00ed respira\u010dn\u00ed onemocn\u011bn\u00ed, nemocnice za\u010d\u00ednaj\u00ed zakazovat n\u00e1v\u0161t\u011bvy a za\u010d\u00edn\u00e1 se \u010dast\u011bji sklo\u0148ovat slovo ch\u0159ipka a dal\u0161\u00ed nemoc\u00ed. N\u011bkdo si v tomto obdob\u00ed pom\u00e1h\u00e1 p\u0159\u00edvalem dostupn\u00fdch vitam\u00edn\u016f v ovoci a tak d\u00e1le. Ale lid\u00e9 by tak\u00e9 nem\u011bli zapom\u00ednat na s\u00edlu bylin, kter\u00e9 vyu\u017e\u00edvali na\u0161i p\u0159edci a kte\u0159\u00ed pomoc\u00ed bylinek dok\u00e1zali l\u00e9\u010dit v\u0161elijak\u00e9 neduhy a nemoci.Pokud l\u00e9k takov\u00e9ho druhu nehled\u00e1te jenom pro sebe, ale nap\u0159\u00edklad i pro va\u0161e prarodi\u010de, zejm\u00e9na d\u011bde\u010dky, kte\u0159\u00ed maj\u00ed velice obl\u00edben\u00e9 bylinn\u00e9 lik\u00e9ry a \u010dasto u nich m\u016f\u017eete v\u00eddat J\u00e4germeistera, darujte jim pod strome\u010dek je\u0161t\u011b n\u011bco mnohem chutn\u011bj\u0161\u00edho a hlavn\u011b vyroben\u00e9ho v \u010desk\u00e9m prost\u0159ed\u00ed! Ochutnejte lihovinu, kterou je Pod\u011bbradsk\u00e1 sami\u010dka Lihovarek.cz. Jedn\u00e1 se o lahodn\u00fd ho\u0159kosladk\u00fd lik\u00e9r, kter\u00fd poch\u00e1z\u00ed a\u017e z devaten\u00e1ct\u00e9ho stolet\u00ed a jeho\u017e v\u00fdroba nyn\u00ed byla obnovena, aby si ho mohla vychutnat dal\u0161\u00ed generace nejenom n\u00e1v\u0161t\u011bvn\u00edk\u016f l\u00e1zn\u00ed Pod\u011bbrady. Je jak\u00fdmsi d\u00edt\u011btem kn\u00ed\u017eete Filipa Arno\u0161ta Hohenlohe z Schillingsf\u00fcrstu, kter\u00fd pob\u00fdval na pod\u011bbradsk\u00e9m z\u00e1mku a p\u0159ivezl sem z Bavorska i recept na tento lahodn\u00fd n\u00e1poj.Samotn\u00e9ho jeho pop\u00edjen\u00ed mu doporu\u010dil jeho doktor, a to nejl\u00e9pe r\u00e1no nala\u010dno. N\u00e1zev poch\u00e1z\u00ed z n\u011bmeck\u00e9ho n\u00e1zvu a skl\u00e1d\u00e1 se z bylinek jako je pelyn\u011bk, km\u00edn, jalovec \u010di zem\u011b\u017elu\u010d. Z\u00e1meck\u00fd person\u00e1l se na\u0161t\u011bst\u00ed o recept na tuto lihovinu pod\u011blil, a tak se na za\u010d\u00e1tku dvac\u00e1t\u00e9ho stolet\u00ed mohla pod\u00e1vat v pod\u011bbradsk\u00e9 kav\u00e1rn\u011b jist\u00e9ho Josefa V\u00e1ni. Na recept se op\u011bt p\u0159i\u0161lo p\u0159ed n\u011bkolika m\u00e1lo lety, a tak Sami\u010dku m\u016f\u017eete zde op\u011bt ochutnat. A nebo je\u0161t\u011b l\u00e9pe \u2013 objednejte si j\u00ed a\u017e k v\u00e1m dom\u016f nebo n\u011bjak\u00e9mu \u0161\u0165astlivci z va\u0161\u00ed rodiny j\u00ed m\u016f\u017eete d\u00e1t pod strome\u010dek a m\u016f\u017eete tajn\u011b doufat, \u017ee bude rozd\u011bl\u00e1na u\u017e po \u0161t\u011bdrove\u010dern\u00ed hostin\u011b \u2013 na slehnut\u00ed. V jedn\u00e9 fla\u0161ce m\u016f\u017eete uc\u00edtit a\u017e \u010dty\u0159icet dva bylinek.                                                                                                                                                                                                                                                                                                                                                                                                   "},{"@context":"https:\/\/schema.org\/","@type":"BreadcrumbList","itemListElement":[{"@type":"ListItem","position":1,"name":"Bu\u010fte vybaveni na silvestrovsk\u00e9 oslavy","item":"https:\/\/www.salis.cz\/budte-vybaveni-na-silvestrovske-oslavy\/#breadcrumbitem"}]}]