[{"@context":"https:\/\/schema.org\/","@type":"Article","@id":"https:\/\/www.salis.cz\/bytovy-architekt-by-tomu-mel-rozumet\/#Article","mainEntityOfPage":"https:\/\/www.salis.cz\/bytovy-architekt-by-tomu-mel-rozumet\/","headline":"Bytov\u00fd architekt by tomu m\u011bl rozum\u011bt","name":"Bytov\u00fd architekt by tomu m\u011bl rozum\u011bt","description":"Pokud zrovna \u0159e\u0161\u00edte interi\u00e9r a to a\u0165 u\u017e va\u0161eho nov\u00e9ho bytu nebo domu nebo naopak u va\u0161eho star\u00e9ho domu \u010di bytu, kter\u00fd byste cht\u011bli bu\u010f prodat nebo pronaj\u00edmat, m\u011bli byste&hellip;","datePublished":"2022-10-28","dateModified":"2023-05-30","author":{"@type":"Person","@id":"https:\/\/www.salis.cz\/author\/#Person","name":"","url":"https:\/\/www.salis.cz\/author\/","identifier":1,"image":{"@type":"ImageObject","@id":"https:\/\/secure.gravatar.com\/avatar\/dac37d998cdbc92cc7ee5d23d4d689a369122af40c5450007470acab45b61d68?s=96&d=mm&r=g","url":"https:\/\/secure.gravatar.com\/avatar\/dac37d998cdbc92cc7ee5d23d4d689a369122af40c5450007470acab45b61d68?s=96&d=mm&r=g","height":96,"width":96}},"publisher":{"@type":"Organization","name":"salis.cz","logo":{"@type":"ImageObject","@id":"\/logo.png","url":"\/logo.png","width":600,"height":60}},"image":{"@type":"ImageObject","@id":"https:\/\/www.salis.cz\/wp-content\/uploads\/int_1.JPG","url":"https:\/\/www.salis.cz\/wp-content\/uploads\/int_1.JPG","height":0,"width":0},"url":"https:\/\/www.salis.cz\/bytovy-architekt-by-tomu-mel-rozumet\/","about":["Nakupov\u00e1n\u00ed"],"wordCount":429,"articleBody":"   Pokud zrovna \u0159e\u0161\u00edte interi\u00e9r a to a\u0165 u\u017e va\u0161eho nov\u00e9ho bytu nebo domu nebo naopak u va\u0161eho star\u00e9ho domu \u010di bytu, kter\u00fd byste cht\u011bli bu\u010f prodat nebo pronaj\u00edmat, m\u011bli byste se pobavit s bytov\u00fdm architektem o tom, jestli by v\u00e1m mohl pomoci v\u0161e navrhnout tak, aby v dan\u00e9m dom\u011b \u010di byt\u011b lidem nic nechyb\u011blo a aby na dan\u00e9m m\u00edst\u011b byli \u0161\u0165astn\u00ed.Bytov\u00fd architekt https:\/\/evalofa.com\/ je \u010dlov\u011bk, se kter\u00fdm se d\u00e1 mnohdy dob\u0159e domluvit, ale je to hodn\u011b o tom, jak\u00fd \u010dlov\u011bk dan\u00fd architekt je. Jsou bohu\u017eel i tac\u00ed, kte\u0159\u00ed p\u0159\u00edli\u0161 nehled\u00ed na po\u017eadavky klienta a v\u0161e navrhnou tak, aby se to pouze lidem l\u00edbilo, ale z hlediska fungov\u00e1n\u00ed to nemus\u00ed b\u00fdt tak dobr\u00e9, jak by se mohlo zd\u00e1t.Jestli\u017ee se v\u00e1m poda\u0159\u00ed na takov\u00e9ho \u010dlov\u011bka narazit, rad\u011bji kontaktujte n\u011bkoho jin\u00e9ho, proto\u017ee v\u011b\u0159te, \u017ee s takov\u00fdm \u010dlov\u011bkem se opravdu nedomluv\u00edte, i kdy\u017e jste doufali, \u017ee tomu bude naopak. N\u011bkter\u00fdm lidem, kte\u0159\u00ed pracuj\u00ed v oboru, jde opravdu jen o to, aby dan\u00fd interi\u00e9r vypadal esteticky, ale \u017ee by se zam\u011b\u0159ili na fungov\u00e1n\u00ed, to nikoliv. Je proto pot\u0159eba naj\u00edt takov\u00e9ho bytov\u00e9ho architekta, kter\u00fd bude v\u0161emu rozum\u011bt a bude moc dob\u0159e v\u011bd\u011bt, \u017ee nejen estetika je d\u016fle\u017eit\u00e1.Ur\u010dit\u011b najdete n\u011bjak\u00e9ho bytov\u00e9ho design\u00e9ra, kter\u00fd bude v\u0161e \u0159e\u0161it tak jak \u0159e\u0161it m\u00e1 a jist\u011b v\u00e1m pom\u016f\u017ee za\u0159\u00eddit v\u0161e tak, abyste se c\u00edtili ve va\u0161em nov\u00e9m domov\u011b dob\u0159e a jist\u011b by tak\u00e9 nem\u011bl probl\u00e9m v\u00e1m pomoci za\u0159\u00eddit star\u00e9 bydlen\u00ed pro n\u011bkoho nov\u00e9ho tak\u00e9 tak dob\u0159e, jako va\u0161e nov\u00e9 bydlen\u00ed.Jakmile bude v\u0161e zrealizov\u00e1no, \u010dlov\u011bk si mus\u00ed jen rozmyslet, zda star\u00fd byt \u010di d\u016fm prod\u00e1, nebo jej bude pouze pronaj\u00edmat. Je pravda, \u017ee s pron\u00e1jmem je mnohem v\u00edce pr\u00e1ce, ale \u010dlov\u011bk bude pravideln\u011b dost\u00e1vat n\u011bjak\u00e9 pen\u00edze, kter\u00fdmi m\u016f\u017ee platit v\u011bci, kter\u00e9 platit pot\u0159ebuje. Ka\u017ed\u00fd \u010dlov\u011bk by m\u011bl zv\u00e1\u017eit, jak s v\u011bcmi ve sv\u00e9m \u017eivot\u011b nalo\u017e\u00ed, aby to m\u011blo n\u011bjak\u00fd v\u00fdznam a aby se \u010dlov\u011bku v\u0161e maxim\u00e1ln\u011b vr\u00e1tilo a nejl\u00e9pe na tom je\u0161t\u011b z\u00edskal.                                                                                                                                                                                                                                                                                                                                                                                                  "},{"@context":"https:\/\/schema.org\/","@type":"BreadcrumbList","itemListElement":[{"@type":"ListItem","position":1,"name":"Bytov\u00fd architekt by tomu m\u011bl rozum\u011bt","item":"https:\/\/www.salis.cz\/bytovy-architekt-by-tomu-mel-rozumet\/#breadcrumbitem"}]}]