[{"@context":"https:\/\/schema.org\/","@type":"Article","@id":"https:\/\/www.salis.cz\/domaci-nebo-profesionalni-barveni\/#Article","mainEntityOfPage":"https:\/\/www.salis.cz\/domaci-nebo-profesionalni-barveni\/","headline":"Dom\u00e1c\u00ed nebo profesion\u00e1ln\u00ed barven\u00ed?","name":"Dom\u00e1c\u00ed nebo profesion\u00e1ln\u00ed barven\u00ed?","description":"Zm\u011bna je \u017eivot. Toto souslov\u00ed plat\u00ed tak\u00e9 ve spojen\u00ed se zm\u011bnou barvy vlas\u016f, kter\u00e1 je pro n\u011bkoho mo\u017en\u00fdm vysvobozen\u00edm z chaosu, ve kter\u00e9m se nach\u00e1z\u00ed, pro jin\u00e9ho to m\u016f\u017ee b\u00fdt&hellip;","datePublished":"2019-09-08","dateModified":"2019-09-08","author":{"@type":"Person","@id":"https:\/\/www.salis.cz\/author\/#Person","name":"","url":"https:\/\/www.salis.cz\/author\/","identifier":1,"image":{"@type":"ImageObject","@id":"https:\/\/secure.gravatar.com\/avatar\/dac37d998cdbc92cc7ee5d23d4d689a369122af40c5450007470acab45b61d68?s=96&d=mm&r=g","url":"https:\/\/secure.gravatar.com\/avatar\/dac37d998cdbc92cc7ee5d23d4d689a369122af40c5450007470acab45b61d68?s=96&d=mm&r=g","height":96,"width":96}},"publisher":{"@type":"Organization","name":"salis.cz","logo":{"@type":"ImageObject","@id":"\/logo.png","url":"\/logo.png","width":600,"height":60}},"image":{"@type":"ImageObject","@id":"https:\/\/www.salis.cz\/wp-content\/uploads\/img_a354243_w3774_t1568811858.jpg","url":"https:\/\/www.salis.cz\/wp-content\/uploads\/img_a354243_w3774_t1568811858.jpg","height":0,"width":0},"url":"https:\/\/www.salis.cz\/domaci-nebo-profesionalni-barveni\/","about":["\u017deny"],"wordCount":429,"articleBody":"Zm\u011bna je \u017eivot. Toto souslov\u00ed plat\u00ed tak\u00e9 ve spojen\u00ed se zm\u011bnou barvy vlas\u016f, kter\u00e1 je pro n\u011bkoho mo\u017en\u00fdm vysvobozen\u00edm z chaosu, ve kter\u00e9m se nach\u00e1z\u00ed, pro jin\u00e9ho to m\u016f\u017ee b\u00fdt nap\u0159\u00edklad tradice, kterou hodl\u00e1 dodr\u017eovat. A\u0165 u\u017e je to tak, \u010di tak, jedno je jasn\u00e9 \u2013 v\u017edy bychom to m\u011bli d\u011blat ze sv\u00e9ho vlastn\u00edho p\u0159esv\u011bd\u010den\u00ed, nikoliv, kv\u016fli n\u011bkomu jin\u00e9mu. Jakmile se tedy rozhodneme, \u017ee chceme obarvit vlasy, p\u0159ich\u00e1z\u00ed na \u0159adu dal\u0161\u00ed podstatn\u00e1 ot\u00e1zka \u2013 obarv\u00edm se sama nebo pot\u0159ebuji p\u00e9\u010di profesion\u00e1la? Jeliko\u017e ka\u017ed\u00e9 z n\u00e1s vyhovuje n\u011bco jin\u00e9ho, tak je p\u0159edem jist\u00e9, \u017ee ka\u017ed\u00e1 z nab\u00edzen\u00fdch variant m\u00e1 sv\u00e9 plusy a m\u00ednusy, a my se na n\u011b te\u010f spole\u010dn\u011b pod\u00edv\u00e1me.  Nejprve bych r\u00e1da nakoukla pod pokli\u010dku dom\u00e1c\u00edmu barven\u00ed. Je samoz\u0159ejm\u00e9, \u017ee se jedn\u00e1 o tu dostupn\u011bj\u0161\u00ed a levn\u011bj\u0161\u00ed variantu, jeliko\u017e pokud bydl\u00edte n\u011bkde ve m\u011bst\u011b, tak se cena za obarven\u00ed vlas\u016f u kade\u0159n\u00edka bude rovnat n\u011bkolika stovk\u00e1m korun \u010desk\u00fdch. Na druhou stranu v\u0161ak vy samy nemus\u00edte odhadnout ten prav\u00fd odst\u00edn pro v\u00e1s, tak\u017ee se m\u016f\u017ee lehko st\u00e1t, \u017ee v\u00e1m to prost\u011b nebude slu\u0161et. D\u00e1le tak\u00e9 nebudete hned v\u011bd\u011bt jak na to, ale to nevad\u00ed, jeliko\u017e si to \u010dasem osvoj\u00edte. V\u0161ak ne nadarmo se \u0159\u00edk\u00e1, \u017ee \u017e\u00e1dn\u00fd u\u010den\u00fd z nebe nespadl! Kdy\u017e v\u0161ak nav\u0161t\u00edv\u00edte kade\u0159nick\u00fd sal\u00f3n, dostane se v\u00e1m p\u00e9\u010de, kterou v\u00e1m prost\u011b doma nikdo nedop\u0159eje, pokud tedy zrovna nem\u00e1te \u0161t\u011bst\u00ed na to, \u017ee by v\u00e1m kup\u0159\u00edkladu maminka, sestra \u010di snacha s l\u00e1skou vlasy obarvila. Ka\u017edop\u00e1dn\u011b ka\u017ed\u00fd kade\u0159n\u00edk se o v\u00e1s n\u00e1le\u017eit\u011b postar\u00e1, a vy tak m\u00e1te \u0161anci na chvilku opustit ten kolob\u011bh v\u0161em mo\u017en\u00fdch radost\u00ed a starost\u00ed, a m\u00e1te tak \u010das sama na sebe.  J\u00e1 osobn\u011b si tedy vlasy barv\u00edm sama, p\u0159i\u010dem\u017e d\u0159\u00edve mi je barvila maminka. Dnes jsem v\u0161ak u\u017e mimo domov, studuji V\u0160, a tak se mus\u00edm sama o sebe postarat. A jeliko\u017e jako student nen\u00ed moc pen\u011bz na utr\u00e1cen\u00ed, je nutn\u00e9 dovolit si nau\u010dit se, \u017ee spoustu v\u011bc\u00ed zvl\u00e1dnu ud\u011blat velmi dob\u0159e sama.                                                                                                                                                                                                                                                                                                                                                                                                 "},{"@context":"https:\/\/schema.org\/","@type":"BreadcrumbList","itemListElement":[{"@type":"ListItem","position":1,"name":"Dom\u00e1c\u00ed nebo profesion\u00e1ln\u00ed barven\u00ed?","item":"https:\/\/www.salis.cz\/domaci-nebo-profesionalni-barveni\/#breadcrumbitem"}]}]