[{"@context":"https:\/\/schema.org\/","@type":"Article","@id":"https:\/\/www.salis.cz\/jak-pouzivat-volebni-kalkulacku\/#Article","mainEntityOfPage":"https:\/\/www.salis.cz\/jak-pouzivat-volebni-kalkulacku\/","headline":"Jak pou\u017e\u00edvat volebn\u00ed kalkula\u010dku","name":"Jak pou\u017e\u00edvat volebn\u00ed kalkula\u010dku","description":"Volby jsou ned\u00edlnou sou\u010d\u00e1st\u00ed dne\u0161n\u00edho demokratick\u00e9ho syst\u00e9mu, i kdy\u017e jsou mnoh\u00fdmi nepr\u00e1vem pon\u011bkud p\u0159ehl\u00ed\u017eeny. Je to zp\u016fsob, jak mohou b\u011b\u017en\u00ed lid\u00e9 rozhodnout, kter\u00fdm sm\u011brem by se m\u011bla na\u0161e zem\u011b ub\u00edrat.&hellip;","datePublished":"2022-05-30","dateModified":"2023-05-30","author":{"@type":"Person","@id":"https:\/\/www.salis.cz\/author\/#Person","name":"","url":"https:\/\/www.salis.cz\/author\/","identifier":1,"image":{"@type":"ImageObject","@id":"https:\/\/secure.gravatar.com\/avatar\/dac37d998cdbc92cc7ee5d23d4d689a369122af40c5450007470acab45b61d68?s=96&d=mm&r=g","url":"https:\/\/secure.gravatar.com\/avatar\/dac37d998cdbc92cc7ee5d23d4d689a369122af40c5450007470acab45b61d68?s=96&d=mm&r=g","height":96,"width":96}},"publisher":{"@type":"Organization","name":"salis.cz","logo":{"@type":"ImageObject","@id":"\/logo.png","url":"\/logo.png","width":600,"height":60}},"image":{"@type":"ImageObject","@id":"https:\/\/www.salis.cz\/wp-content\/uploads\/volby1_3.jpg","url":"https:\/\/www.salis.cz\/wp-content\/uploads\/volby1_3.jpg","height":0,"width":0},"url":"https:\/\/www.salis.cz\/jak-pouzivat-volebni-kalkulacku\/","about":["Politika"],"wordCount":440,"articleBody":"Volby jsou ned\u00edlnou sou\u010d\u00e1st\u00ed dne\u0161n\u00edho demokratick\u00e9ho syst\u00e9mu, i kdy\u017e jsou mnoh\u00fdmi nepr\u00e1vem pon\u011bkud p\u0159ehl\u00ed\u017eeny. Je to zp\u016fsob, jak mohou b\u011b\u017en\u00ed lid\u00e9 rozhodnout, kter\u00fdm sm\u011brem by se m\u011bla na\u0161e zem\u011b ub\u00edrat.\u00a0Nen\u00ed tedy divu, \u017ee p\u0159ed ka\u017ed\u00fdmi volbami bojuj\u00ed v\u0161echny strany i kandid\u00e1ti o hlasy voli\u010d\u016f v\u0161emi dostupn\u00fdmi prost\u0159edky, \u010dasto i na hranici legality. To u mnoh\u00fdch zp\u016fsobuje nechu\u0165 k\u00a0volb\u00e1m v\u016fbec j\u00edt, nebo\u0165 jsou \u010dasto zmateni mnohdy si proti\u0159e\u010d\u00edc\u00edmi si informacemi, kter\u00e9 jim jednotliv\u00e9 strany p\u0159edkl\u00e1daj\u00ed. Nev\u011bd\u00ed, komu v\u011b\u0159it a koho volit a jsou z\u00a0toho v\u0161eho po pr\u00e1vu znechuceni.\u00a0\u00a0Pokud se v\u0161ak p\u0159esto rozhodnete j\u00edt k\u00a0volb\u00e1m, co\u017e by m\u011bl ostatn\u011b ka\u017ed\u00fd, kdo m\u016f\u017ee, av\u0161ak st\u00e1le si nejste jisti, komu sv\u016fj hlas d\u00e1t, m\u016f\u017eete vyu\u017e\u00edt r\u016fzn\u00fdch pom\u016fcek. Z\u00a0nich asi nejobl\u00edben\u011bj\u0161\u00ed je volebn\u00ed kalkula\u010dka.\u00a0Jednodu\u0161e \u0159e\u010deno, jej\u00ed tv\u016frci za\u0161lou jednotliv\u00fdm kandid\u00e1t\u016fm, a\u0165 u\u017e se jedn\u00e1 o strany \u010di osoby, dotazn\u00edk. Ten se t\u00fdk\u00e1 p\u0159edev\u0161\u00edm volebn\u00edho programu a probl\u00e9m\u016f, kter\u00e9 bude muset v\u00edt\u011bz voleb co nejd\u0159\u00edve vy\u0159e\u0161it.\u00a0Pot\u00e9, co jim p\u0159ijdou odpov\u011bdi, v\u0161e zpracuj\u00ed a vlo\u017e\u00ed do programu. Z\u00e1jemce si pak bude moci vyplnit stejn\u00fd dotazn\u00edk. Po jeho vypln\u011bn\u00ed se mu uk\u00e1\u017ee, se kter\u00fdmi kandid\u00e1ty m\u011bl nejv\u011bt\u0161\u00ed shodu, a tak\u00e9 v\u00a0\u010dem. Dozv\u00ed se tak\u00e9, pro\u010d odpov\u00eddali tak, jak odpov\u00eddali. To v\u011bt\u0161in\u011b lid\u00ed zna\u010dn\u011b zjednodu\u0161\u00ed v\u00fdb\u011br.\u00a0\u00a0Samoz\u0159ejm\u011b je pot\u0159eba upozornit na to, \u017ee ani volebn\u00ed kalkula\u010dka nen\u00ed samosp\u00e1sn\u00e1. Mnohdy se nap\u0159\u00edklad stalo, \u017ee kandid\u00e1ti, ve snaze z\u00edskat co nejv\u011bt\u0161\u00ed po\u010det hlas\u016f, d\u00e1vali takov\u00e9 odpov\u011bdi, o kter\u00fdch p\u0159edpokl\u00e1dali, \u017ee budou nejpopul\u00e1rn\u011bj\u0161\u00ed, nikoliv ty, za kter\u00fdmi si stoj\u00ed. Proto je dobr\u00e9 i zde pou\u017e\u00edvat zdrav\u00fd rozum.\u00a0Ide\u00e1ln\u00ed je vz\u00edt zhruba t\u0159i prvn\u00ed kandid\u00e1ty, s\u00a0nimi\u017e m\u00e1me nejv\u011bt\u0161\u00ed shodu, a podrobn\u011bji se na n\u011b pod\u00edvat, p\u0159edev\u0161\u00edm pak na jejich volebn\u00ed program. S\u00a0\u010d\u00edm v\u00a0n\u011bm souhlas\u00edme a co n\u00e1m zde naopak vad\u00ed? Jist\u011b, \u017e\u00e1dn\u00fd z\u00a0nich nebude dokonale odpov\u00eddat na\u0161im p\u0159edstav\u00e1m, av\u0161ak naj\u00edt takov\u00fd, kter\u00fd je jim nejbl\u00ed\u017e, se rozhodn\u011b vyplat\u00ed.                                                                                                                                                                                                                                                                                                                                                                                                "},{"@context":"https:\/\/schema.org\/","@type":"BreadcrumbList","itemListElement":[{"@type":"ListItem","position":1,"name":"Jak pou\u017e\u00edvat volebn\u00ed kalkula\u010dku","item":"https:\/\/www.salis.cz\/jak-pouzivat-volebni-kalkulacku\/#breadcrumbitem"}]}]