[{"@context":"https:\/\/schema.org\/","@type":"Article","@id":"https:\/\/www.salis.cz\/kdy-pouzit-praci-prasek-a-kdy-radeji-gel\/#Article","mainEntityOfPage":"https:\/\/www.salis.cz\/kdy-pouzit-praci-prasek-a-kdy-radeji-gel\/","headline":"Kdy pou\u017e\u00edt prac\u00ed pr\u00e1\u0161ek a kdy rad\u011bji gel?","name":"Kdy pou\u017e\u00edt prac\u00ed pr\u00e1\u0161ek a kdy rad\u011bji gel?","description":"Prac\u00ed pr\u00e1\u0161ek: na sv\u011btl\u00e9 a siln\u011b zne\u010di\u0161t\u011bn\u00e9 pr\u00e1dlo Klasika mezi prac\u00edmi prost\u0159edky. Pr\u00e1\u0161ek na pran\u00ed pou\u017e\u00edvaly na\u0161e maminky i na\u0161e babi\u010dky. V porovn\u00e1n\u00ed s prac\u00edm gelem by v jist\u00fdch sm\u011brech&hellip;","datePublished":"2022-10-17","dateModified":"2023-05-30","author":{"@type":"Person","@id":"https:\/\/www.salis.cz\/author\/#Person","name":"","url":"https:\/\/www.salis.cz\/author\/","identifier":1,"image":{"@type":"ImageObject","@id":"https:\/\/secure.gravatar.com\/avatar\/dac37d998cdbc92cc7ee5d23d4d689a369122af40c5450007470acab45b61d68?s=96&d=mm&r=g","url":"https:\/\/secure.gravatar.com\/avatar\/dac37d998cdbc92cc7ee5d23d4d689a369122af40c5450007470acab45b61d68?s=96&d=mm&r=g","height":96,"width":96}},"publisher":{"@type":"Organization","name":"salis.cz","logo":{"@type":"ImageObject","@id":"\/logo.png","url":"\/logo.png","width":600,"height":60}},"image":{"@type":"ImageObject","@id":"https:\/\/www.salis.cz\/wp-content\/uploads\/pexels-kai-pilger-996329_6.jpg","url":"https:\/\/www.salis.cz\/wp-content\/uploads\/pexels-kai-pilger-996329_6.jpg","height":0,"width":0},"url":"https:\/\/www.salis.cz\/kdy-pouzit-praci-prasek-a-kdy-radeji-gel\/","about":["\u017deny"],"wordCount":424,"articleBody":"Prac\u00ed pr\u00e1\u0161ek: na sv\u011btl\u00e9 a siln\u011b zne\u010di\u0161t\u011bn\u00e9 pr\u00e1dloKlasika mezi prac\u00edmi prost\u0159edky. Pr\u00e1\u0161ek na pran\u00ed pou\u017e\u00edvaly na\u0161e maminky i na\u0161e babi\u010dky. V porovn\u00e1n\u00ed s prac\u00edm gelem by v jist\u00fdch sm\u011brech ur\u010dit\u011b vyhr\u00e1l. Do pr\u00e1\u0161ku se p\u0159id\u00e1v\u00e1 b\u011bl\u00edc\u00ed l\u00e1tka, kde\u017eto do prac\u00edho gelu ne. Je tedy vhodn\u011bj\u0161\u00ed na siln\u011b zne\u010di\u0161t\u011bn\u00e9 pr\u00e1dlo a fleky nap\u0159\u00edklad od ovoce, k\u00e1vy nebo \u010daje. Na druhou stranu se d\u00e9le rozpou\u0161t\u00ed a n\u011bkdy m\u016f\u017ee zanechat i nevzhledn\u00e9 mapy na pr\u00e1v\u011b vypran\u00e9m oble\u010den\u00ed. Hod\u00ed se tedy pro pran\u00ed p\u0159i vy\u0161\u0161\u00edch teplot\u00e1ch a del\u0161\u00edch cyklech. Nev\u00fdhoda pr\u00e1\u0161k\u016f ale je, \u017ee barvy mohou rychleji vyblednout. Gel je udr\u017e\u00ed d\u00e9le v z\u00e1\u0159iv\u00fdch barv\u00e1ch.Tip: dnes u\u017e se vyr\u00e1b\u00ed i pr\u00e1\u0161ek lisovan\u00fd v tablet\u00e1ch, odpadne v\u00e1m tedy m\u011b\u0159en\u00ed spr\u00e1vn\u00e9ho mno\u017estv\u00ed.Prac\u00ed gel: na kr\u00e1tk\u00e9 programy a minim\u00e1ln\u011b \u0161pinav\u00e9 pr\u00e1dloNa barevn\u00e9 a ne moc zne\u010di\u0161t\u011bn\u00e9 pr\u00e1dlo je zase ide\u00e1ln\u00ed gel. Vhodn\u00fd je pro pran\u00ed na ni\u017e\u0161\u00ed teploty a krat\u0161\u00ed cykly. Gely maj\u00ed rychlou rozpustnost, ale se skvrnami od j\u00eddla si neporad\u00ed. Pokud je na oble\u010den\u00ed flek, m\u016f\u017eete zkusit, \u017ee p\u0159\u00edmo na n\u011bj nalijete gel a nech\u00e1te chv\u00edli p\u016fsobit.\u00a0Tip: prac\u00ed gely se hod\u00ed tak\u00e9 na ru\u010dn\u00ed pran\u00ed.Prac\u00ed kapsleJednoduch\u00fd a praktick\u00fd prost\u0159edek na pran\u00ed. Kapsli s gelem hod\u00edte p\u0159\u00edmo do bubnu pra\u010dky a zapnete start. Kapsle se dob\u0159e skladuj\u00ed a v\u00fdhoda je, \u017ee se v\u00e1m nikde nic nevysype ani nerozlije. Jedin\u00e1 nev\u00fdhoda je pon\u011bkud vy\u0161\u0161\u00ed po\u0159izovac\u00ed cena.\u00a0Rozd\u011blen\u00ed prac\u00edch prost\u0159edk\u016fPrac\u00ed prost\u0159edky d\u00e1le rozli\u0161ujeme na univerz\u00e1ln\u00ed a speci\u00e1ln\u00ed. Ty univerz\u00e1ln\u00ed jsou zam\u011b\u0159en\u00e9 na \u00fa\u010dinnost pran\u00ed a b\u011blen\u00ed skvrn. Ty speci\u00e1ln\u00ed se zam\u011b\u0159uj\u00ed na konkr\u00e9tn\u00ed \u00fakol nap\u0159\u00edklad: p\u00e9\u010de o jemn\u00e9 tkaniny, pran\u00ed funk\u010dn\u00edho oble\u010den\u00ed nebo zabr\u00e1n\u011bn\u00ed tvorb\u011b \u017emolk\u016f.Dodr\u017eujte z\u00e1sady spr\u00e1vn\u00e9ho pran\u00edA\u0165 u\u017e perete v pr\u00e1\u0161ku \u010di v gelu, nezapom\u00ednejte tak\u00e9 na z\u00e1sady spr\u00e1vn\u00e9ho pran\u00ed. Pra\u010dku udr\u017eujte v \u010distot\u011b, nep\u0159epl\u0148ujte ji (aby mohl prac\u00ed prost\u0159edek spr\u00e1vn\u011b \u00fa\u010dinkovat) a perte na vodn\u00fd prac\u00ed program.                                                                                                                                                                                                                                                                                                                                                                                                "},{"@context":"https:\/\/schema.org\/","@type":"BreadcrumbList","itemListElement":[{"@type":"ListItem","position":1,"name":"Kdy pou\u017e\u00edt prac\u00ed pr\u00e1\u0161ek a kdy rad\u011bji gel?","item":"https:\/\/www.salis.cz\/kdy-pouzit-praci-prasek-a-kdy-radeji-gel\/#breadcrumbitem"}]}]