[{"@context":"https:\/\/schema.org\/","@type":"Article","@id":"https:\/\/www.salis.cz\/nejste-v-tom-sami\/#Article","mainEntityOfPage":"https:\/\/www.salis.cz\/nejste-v-tom-sami\/","headline":"Nejste v tom sami","name":"Nejste v tom sami","description":"Dnes se st\u00e1v\u00e1 \u010d\u00edm d\u00e1l v\u00edce samoz\u0159ejm\u00e9, star\u00e1me-li se o sv\u00e9 zdrav\u00ed. A co to vlastn\u011b obn\u00e1\u0161\u00ed? Jist\u011b nej\u010dast\u011bj\u0161\u00ed odpov\u011bdi budou: zdrav\u00e9 stravov\u00e1n\u00ed a dostatek pohybu, nejl\u00e9pe na \u010derstv\u00e9m vzduchu.&hellip;","datePublished":"2023-09-29","dateModified":"2023-09-29","author":{"@type":"Person","@id":"https:\/\/www.salis.cz\/author\/#Person","name":"","url":"https:\/\/www.salis.cz\/author\/","identifier":1,"image":{"@type":"ImageObject","@id":"https:\/\/secure.gravatar.com\/avatar\/dac37d998cdbc92cc7ee5d23d4d689a369122af40c5450007470acab45b61d68?s=96&d=mm&r=g","url":"https:\/\/secure.gravatar.com\/avatar\/dac37d998cdbc92cc7ee5d23d4d689a369122af40c5450007470acab45b61d68?s=96&d=mm&r=g","height":96,"width":96}},"publisher":{"@type":"Organization","name":"salis.cz","logo":{"@type":"ImageObject","@id":"\/logo.png","url":"\/logo.png","width":600,"height":60}},"url":"https:\/\/www.salis.cz\/nejste-v-tom-sami\/","wordCount":231,"articleBody":"Dnes se st\u00e1v\u00e1 \u010d\u00edm d\u00e1l v\u00edce samoz\u0159ejm\u00e9, star\u00e1me-li se o sv\u00e9 zdrav\u00ed. A co to vlastn\u011b obn\u00e1\u0161\u00ed? Jist\u011b nej\u010dast\u011bj\u0161\u00ed odpov\u011bdi budou: zdrav\u00e9 stravov\u00e1n\u00ed a dostatek pohybu, nejl\u00e9pe na \u010derstv\u00e9m vzduchu. Jist\u011b, t\u011bmto odpov\u011bd\u00edm nelze nic vytknout. Nicm\u00e9n\u011b nem\u011bli bychom p\u0159i pomy\u0161len\u00ed na zdrav\u00ed zapom\u00ednat ani na zdrav\u00e9 vym\u011b\u0161ov\u00e1n\u00ed. A pokud p\u0159i n\u00e1v\u0161t\u011bv\u011b toalety poci\u0165ujeme nep\u0159\u00edjemn\u00e9 pocity v oblasti kone\u010dn\u00edku, rozhodn\u011b bychom tyto varovn\u00e9 sign\u00e1ly nem\u011bli podce\u0148ovat a nechat je bez pov\u0161imnut\u00ed. P\u00e1len\u00ed, bolest, sv\u011bd\u011bn\u00ed \u010di dokonce krev ve stolici rozhodn\u011b nejsou norm\u00e1ln\u00ed. Nesty\u010fte se o sv\u00e9m probl\u00e9mu hovo\u0159it. V\u00edte, \u017ee takov\u00e9 obt\u00ed\u017ee tr\u00e1p\u00ed a\u017e polovinu populace? Pacienti s hemeroidy jsou zastoupeni v ka\u017ed\u00e9 v\u011bkov\u00e9 kategorii.Nebojte se nezn\u00e1m\u00e9hoD\u00edky tomu, \u017ee toto t\u00e9ma je jak\u00fdmsi tabu, stejn\u011b tak jako nev\u00edte, \u017ee mnoho lid\u00ed kolem V\u00e1s tr\u00e1p\u00ed tot\u00e9\u017e, nejsp\u00ed\u0161 ani nev\u00edte, jak\u00fdm zp\u016fsobem prob\u00edh\u00e1 vy\u0161et\u0159en\u00ed a n\u00e1sledn\u00e1 l\u00e9\u010dba. Nemus\u00edte se v\u0161ak ni\u010deho b\u00e1t, vy\u0161et\u0159en\u00ed je d\u00edky modern\u00edm metod\u00e1m a technice bezbolestn\u00e9, stejn\u011b jako samotn\u00fd z\u00e1krok. Vyzkou\u0161ejte \u017eivot bez obt\u00ed\u017e\u00ed.                                                                                                                                                                                                                                                                                                                                                                                                "},{"@context":"https:\/\/schema.org\/","@type":"BreadcrumbList","itemListElement":[{"@type":"ListItem","position":1,"name":"Nejste v tom sami","item":"https:\/\/www.salis.cz\/nejste-v-tom-sami\/#breadcrumbitem"}]}]