[{"@context":"https:\/\/schema.org\/","@type":"Article","@id":"https:\/\/www.salis.cz\/osvetleni-v-domacnosti\/#Article","mainEntityOfPage":"https:\/\/www.salis.cz\/osvetleni-v-domacnosti\/","headline":"Osv\u011btlen\u00ed v dom\u00e1cnosti","name":"Osv\u011btlen\u00ed v dom\u00e1cnosti","description":"Nepodce\u0148ujte jej Slunce n\u00e1m sv\u00edt\u00ed jenom ur\u010ditou \u010d\u00e1st dne, a je\u0161t\u011b k\u00a0tomu z\u00e1vis\u00ed na ro\u010dn\u00edm obdob\u00ed a po\u010das\u00ed, tak\u017ee b\u011bhem cel\u00e9ho dne nemus\u00ed Slunce ani moc vysvitnout. B\u011bhem denn\u00ed doby&hellip;","datePublished":"2022-05-04","dateModified":"2022-05-04","author":{"@type":"Person","@id":"https:\/\/www.salis.cz\/author\/#Person","name":"","url":"https:\/\/www.salis.cz\/author\/","identifier":1,"image":{"@type":"ImageObject","@id":"https:\/\/secure.gravatar.com\/avatar\/dac37d998cdbc92cc7ee5d23d4d689a369122af40c5450007470acab45b61d68?s=96&d=mm&r=g","url":"https:\/\/secure.gravatar.com\/avatar\/dac37d998cdbc92cc7ee5d23d4d689a369122af40c5450007470acab45b61d68?s=96&d=mm&r=g","height":96,"width":96}},"publisher":{"@type":"Organization","name":"salis.cz","logo":{"@type":"ImageObject","@id":"\/logo.png","url":"\/logo.png","width":600,"height":60}},"image":{"@type":"ImageObject","@id":"https:\/\/www.salis.cz\/wp-content\/uploads\/lamp-3879403_960_720.jpg","url":"https:\/\/www.salis.cz\/wp-content\/uploads\/lamp-3879403_960_720.jpg","height":0,"width":0},"url":"https:\/\/www.salis.cz\/osvetleni-v-domacnosti\/","about":["Elektro"],"wordCount":441,"articleBody":"Nepodce\u0148ujte jejSlunce n\u00e1m sv\u00edt\u00ed jenom ur\u010ditou \u010d\u00e1st dne, a je\u0161t\u011b k\u00a0tomu z\u00e1vis\u00ed na ro\u010dn\u00edm obdob\u00ed a po\u010das\u00ed, tak\u017ee b\u011bhem cel\u00e9ho dne nemus\u00ed Slunce ani moc vysvitnout. B\u011bhem denn\u00ed doby m\u016f\u017ee sv\u011btlo sta\u010dit, ale ve\u010der \u010di p\u0159\u00edpadn\u011b v\u00a0noci budeme t\u011b\u017eko fungovat po tm\u011b. D\u0159\u00edve si lid\u00e9 sv\u00edtili petrolejkami, ov\u0161em tato doba je samoz\u0159ejm\u011b d\u00e1vno pry\u010d, proto\u017ee dnes zaji\u0161\u0165uje osv\u011btlen\u00ed p\u0159edev\u0161\u00edm elekt\u0159ina. B\u011b\u017en\u00e9 \u017e\u00e1rovky s\u00a0vl\u00e1knem u\u017e z\u00a0dom\u00e1cnost\u00ed miz\u00ed, p\u0159i\u010dem\u017e pou\u017e\u00edv\u00e1me technologie jako je LED. Ty produkuj\u00ed m\u00e9n\u011b sv\u011btla, co\u017e znamen\u00e1 ni\u017e\u0161\u00ed ztr\u00e1ty a vy\u0161\u0161\u00ed \u00fa\u010dinnost. Ke stejn\u00e9mu osv\u011btlen\u00ed sta\u010d\u00ed tedy podstatn\u011b men\u0161\u00ed p\u0159\u00edkon, co\u017e je pro na\u0161i pen\u011b\u017eenku rozhodn\u011b plus a o to v\u00edce v\u00a0dob\u011b, kdy \u00fa\u010dty za elekt\u0159inu dost stouply. Kdy\u017e budeme vyb\u00edrat sv\u011btlo, tak bychom m\u011bli hled\u011bt na to, do jak\u00fdch prostor je ur\u010deno. T\u0159eba do kuchyn\u011b se hod\u00ed m\u00edt hlavn\u00ed sv\u011btlo a potom dal\u0161\u00ed spojen\u00e9 s\u00a0kuchy\u0148skou linku. Pr\u00e1v\u011b t\u00e9to kombinace hlavn\u00edho a dal\u0161\u00edch men\u0161\u00edch lze vyu\u017e\u00edt i v\u00a0dal\u0161\u00edch m\u00edstnostech.Chytr\u00e9 osv\u011btlen\u00edNemus\u00edme se pouze d\u00edvat na oby\u010dejn\u00e9 sv\u011btla, proto\u017ee m\u016f\u017eeme zvolit chytr\u00e9 osv\u011btlen\u00ed, kter\u00e9 n\u00e1m toho poskytne v\u00edce a m\u016f\u017ee to znamenat i \u00fasporu elekt\u0159iny. Jde to o to, \u017ee se d\u00e1 pohodln\u011b ovl\u00e1dat p\u0159es mobiln\u00ed telefon, tak\u017ee nemus\u00edme vst\u00e1vat ani z\u00a0postele, p\u0159i\u010dem\u017e n\u011bkdy toho m\u00e1me po cel\u00e9m dni dost, tak\u017ee se opravdu hod\u00ed, kdy\u017e m\u016f\u017eeme pokra\u010dovat v\u00a0odpo\u010dinku bez nam\u00e1h\u00e1n\u00ed.Mnohdy jsou chytr\u00e1 sv\u011btla v\u00a0podob\u011b LED technologie a um\u00ed m\u011bnit barvy. M\u016f\u017eeme si, proto navolit jakou barvu chceme \u010di r\u016fzn\u00e9 sekvence, kde se budou r\u016fzn\u011b m\u011bnit, blikat a tak d\u00e1le. Mo\u017enost\u00ed je opravdu hodn\u011b. Jsou i za\u0159\u00edzen\u00ed, kter\u00e9 reaguj\u00ed na zvuk, co\u017e jej \u010din\u00ed je\u0161t\u011b mnohem zaj\u00edmav\u011bj\u0161\u00ed. V\u00a0aplikaci m\u016f\u017eeme i nastavit, \u017ee t\u0159eba v\u00a0noci po ur\u010dit\u00e9 doby neaktivity se m\u00e1 sv\u011btlo zhasnout. Zajit\u00ed to, \u017ee se nebude sv\u00edtit n\u011bkde, kde jsme zapomn\u011bli zhasnout, co\u017e stoj\u00ed zbyte\u010dn\u00ed pen\u00edze. Tak se d\u00e1 nastavit, aby intenzita sv\u00edcen\u00ed byla b\u011bhem noci ni\u017e\u0161\u00ed, proto\u017ee na\u0161e o\u010di jsou po sp\u00e1nku zvykl\u00e9 na tmu.                                                                                                                                                                                                                                                                                                                                                                                                "},{"@context":"https:\/\/schema.org\/","@type":"BreadcrumbList","itemListElement":[{"@type":"ListItem","position":1,"name":"Osv\u011btlen\u00ed v dom\u00e1cnosti","item":"https:\/\/www.salis.cz\/osvetleni-v-domacnosti\/#breadcrumbitem"}]}]