{"@context":"https:\/\/schema.org\/","@type":"CollectionPage","@id":"https:\/\/www.salis.cz\/spolecnosti\/#CollectionPage","headline":"Spole\u010dnosti Category","description":"","url":"https:\/\/www.salis.cz\/spolecnosti\/","hasPart":[{"@type":"Article","@id":"https:\/\/www.salis.cz\/jak-funguje-system-start-stop\/","headline":"Jak funguje syst\u00e9m start-stop","url":"https:\/\/www.salis.cz\/jak-funguje-system-start-stop\/","datePublished":"2025-08-14","dateModified":"2025-08-14","mainEntityOfPage":"https:\/\/www.salis.cz\/jak-funguje-system-start-stop\/","author":{"@type":"Person","@id":"https:\/\/www.salis.cz\/author\/#Person","name":"","url":"https:\/\/www.salis.cz\/author\/","identifier":1,"image":{"@type":"ImageObject","@id":"https:\/\/secure.gravatar.com\/avatar\/dac37d998cdbc92cc7ee5d23d4d689a369122af40c5450007470acab45b61d68?s=96&d=mm&r=g","url":"https:\/\/secure.gravatar.com\/avatar\/dac37d998cdbc92cc7ee5d23d4d689a369122af40c5450007470acab45b61d68?s=96&d=mm&r=g","height":96,"width":96}},"publisher":{"@type":"Organization","name":"salis.cz","logo":{"@type":"ImageObject","@id":"\/logo.png","url":"\/logo.png","width":600,"height":60}},"image":{"@type":"ImageObject","@id":"https:\/\/www.salis.cz\/wp-content\/uploads\/start.stop.jpg","url":"https:\/\/www.salis.cz\/wp-content\/uploads\/start.stop.jpg","height":0,"width":0},"keywords":null},{"@type":"Article","@id":"https:\/\/www.salis.cz\/rekonstrukce-elektroinstalace-v-rodinnem-penzionu\/","headline":"Rekonstrukce elektroinstalace v rodinn\u00e9m penzionu","url":"https:\/\/www.salis.cz\/rekonstrukce-elektroinstalace-v-rodinnem-penzionu\/","datePublished":"2025-04-14","dateModified":"2025-04-14","mainEntityOfPage":"https:\/\/www.salis.cz\/rekonstrukce-elektroinstalace-v-rodinnem-penzionu\/","author":{"@type":"Person","@id":"https:\/\/www.salis.cz\/author\/#Person","name":"","url":"https:\/\/www.salis.cz\/author\/","identifier":1,"image":{"@type":"ImageObject","@id":"https:\/\/secure.gravatar.com\/avatar\/dac37d998cdbc92cc7ee5d23d4d689a369122af40c5450007470acab45b61d68?s=96&d=mm&r=g","url":"https:\/\/secure.gravatar.com\/avatar\/dac37d998cdbc92cc7ee5d23d4d689a369122af40c5450007470acab45b61d68?s=96&d=mm&r=g","height":96,"width":96}},"publisher":{"@type":"Organization","name":"salis.cz","logo":{"@type":"ImageObject","@id":"\/logo.png","url":"\/logo.png","width":600,"height":60}},"image":{"@type":"ImageObject","@id":"https:\/\/www.salis.cz\/wp-content\/uploads\/electrician-3273337_640_10_8.jpg","url":"https:\/\/www.salis.cz\/wp-content\/uploads\/electrician-3273337_640_10_8.jpg","height":0,"width":0},"keywords":null},{"@type":"Article","@id":"https:\/\/www.salis.cz\/nechte-doma-zkontrolovat-i-vase-elektricke-spotrebice\/","headline":"Nechte doma zkontrolovat i va\u0161e elektrick\u00e9 spot\u0159ebi\u010de","url":"https:\/\/www.salis.cz\/nechte-doma-zkontrolovat-i-vase-elektricke-spotrebice\/","datePublished":"2025-01-11","dateModified":"2025-01-11","mainEntityOfPage":"https:\/\/www.salis.cz\/nechte-doma-zkontrolovat-i-vase-elektricke-spotrebice\/","author":{"@type":"Person","@id":"https:\/\/www.salis.cz\/author\/#Person","name":"","url":"https:\/\/www.salis.cz\/author\/","identifier":1,"image":{"@type":"ImageObject","@id":"https:\/\/secure.gravatar.com\/avatar\/dac37d998cdbc92cc7ee5d23d4d689a369122af40c5450007470acab45b61d68?s=96&d=mm&r=g","url":"https:\/\/secure.gravatar.com\/avatar\/dac37d998cdbc92cc7ee5d23d4d689a369122af40c5450007470acab45b61d68?s=96&d=mm&r=g","height":96,"width":96}},"publisher":{"@type":"Organization","name":"salis.cz","logo":{"@type":"ImageObject","@id":"\/logo.png","url":"\/logo.png","width":600,"height":60}},"image":{"@type":"ImageObject","@id":"https:\/\/www.salis.cz\/wp-content\/uploads\/electrician-2755682_640_10_2.jpg","url":"https:\/\/www.salis.cz\/wp-content\/uploads\/electrician-2755682_640_10_2.jpg","height":0,"width":0},"keywords":null},{"@type":"Article","@id":"https:\/\/www.salis.cz\/kdo-za-vas-uklidi-dum-po-rekonstrukci\/","headline":"Kdo za v\u00e1s uklid\u00ed d\u016fm po rekonstrukci","url":"https:\/\/www.salis.cz\/kdo-za-vas-uklidi-dum-po-rekonstrukci\/","datePublished":"2024-12-10","dateModified":"2024-12-10","mainEntityOfPage":"https:\/\/www.salis.cz\/kdo-za-vas-uklidi-dum-po-rekonstrukci\/","author":{"@type":"Person","@id":"https:\/\/www.salis.cz\/author\/#Person","name":"","url":"https:\/\/www.salis.cz\/author\/","identifier":1,"image":{"@type":"ImageObject","@id":"https:\/\/secure.gravatar.com\/avatar\/dac37d998cdbc92cc7ee5d23d4d689a369122af40c5450007470acab45b61d68?s=96&d=mm&r=g","url":"https:\/\/secure.gravatar.com\/avatar\/dac37d998cdbc92cc7ee5d23d4d689a369122af40c5450007470acab45b61d68?s=96&d=mm&r=g","height":96,"width":96}},"publisher":{"@type":"Organization","name":"salis.cz","logo":{"@type":"ImageObject","@id":"\/logo.png","url":"\/logo.png","width":600,"height":60}},"image":{"@type":"ImageObject","@id":"https:\/\/www.salis.cz\/wp-content\/uploads\/dirt-6752128_640_10_10_2.jpg","url":"https:\/\/www.salis.cz\/wp-content\/uploads\/dirt-6752128_640_10_10_2.jpg","height":0,"width":0},"keywords":null},{"@type":"Article","@id":"https:\/\/www.salis.cz\/montaz-fotovoltaiky-sverte-odbornikum\/","headline":"Mont\u00e1\u017e fotovoltaiky sv\u011b\u0159te odborn\u00edk\u016fm","url":"https:\/\/www.salis.cz\/montaz-fotovoltaiky-sverte-odbornikum\/","datePublished":"2023-09-06","dateModified":"2023-09-06","mainEntityOfPage":"https:\/\/www.salis.cz\/montaz-fotovoltaiky-sverte-odbornikum\/","author":{"@type":"Person","@id":"https:\/\/www.salis.cz\/author\/#Person","name":"","url":"https:\/\/www.salis.cz\/author\/","identifier":1,"image":{"@type":"ImageObject","@id":"https:\/\/secure.gravatar.com\/avatar\/dac37d998cdbc92cc7ee5d23d4d689a369122af40c5450007470acab45b61d68?s=96&d=mm&r=g","url":"https:\/\/secure.gravatar.com\/avatar\/dac37d998cdbc92cc7ee5d23d4d689a369122af40c5450007470acab45b61d68?s=96&d=mm&r=g","height":96,"width":96}},"publisher":{"@type":"Organization","name":"salis.cz","logo":{"@type":"ImageObject","@id":"\/logo.png","url":"\/logo.png","width":600,"height":60}},"image":{"@type":"ImageObject","@id":"https:\/\/www.salis.cz\/wp-content\/uploads\/solar-panel-1393880_640_2.png","url":"https:\/\/www.salis.cz\/wp-content\/uploads\/solar-panel-1393880_640_2.png","height":0,"width":0},"keywords":null},{"@type":"Article","@id":"https:\/\/www.salis.cz\/nabizejte-sve-sluzby-v-opave-na-profesionalne-zhotovenem-webu\/","headline":"Nab\u00edzejte sv\u00e9 slu\u017eby v Opav\u011b na profesion\u00e1ln\u011b zhotoven\u00e9m webu","url":"https:\/\/www.salis.cz\/nabizejte-sve-sluzby-v-opave-na-profesionalne-zhotovenem-webu\/","datePublished":"2023-04-04","dateModified":"2023-06-02","mainEntityOfPage":"https:\/\/www.salis.cz\/nabizejte-sve-sluzby-v-opave-na-profesionalne-zhotovenem-webu\/","author":{"@type":"Person","@id":"https:\/\/www.salis.cz\/author\/#Person","name":"","url":"https:\/\/www.salis.cz\/author\/","identifier":1,"image":{"@type":"ImageObject","@id":"https:\/\/secure.gravatar.com\/avatar\/dac37d998cdbc92cc7ee5d23d4d689a369122af40c5450007470acab45b61d68?s=96&d=mm&r=g","url":"https:\/\/secure.gravatar.com\/avatar\/dac37d998cdbc92cc7ee5d23d4d689a369122af40c5450007470acab45b61d68?s=96&d=mm&r=g","height":96,"width":96}},"publisher":{"@type":"Organization","name":"salis.cz","logo":{"@type":"ImageObject","@id":"\/logo.png","url":"\/logo.png","width":600,"height":60}},"image":{"@type":"ImageObject","@id":"https:\/\/www.salis.cz\/wp-content\/uploads\/city-ga7fdb0b1a_640.jpg","url":"https:\/\/www.salis.cz\/wp-content\/uploads\/city-ga7fdb0b1a_640.jpg","height":0,"width":0},"keywords":null},{"@type":"Article","@id":"https:\/\/www.salis.cz\/stehovaci-firma-se-uzivi-ale-musi-o-vas-lide-vedet\/","headline":"St\u011bhovac\u00ed firma se u\u017eiv\u00ed, ale mus\u00ed o v\u00e1s lid\u00e9 v\u011bd\u011bt","url":"https:\/\/www.salis.cz\/stehovaci-firma-se-uzivi-ale-musi-o-vas-lide-vedet\/","datePublished":"2023-03-29","dateModified":"2023-03-29","mainEntityOfPage":"https:\/\/www.salis.cz\/stehovaci-firma-se-uzivi-ale-musi-o-vas-lide-vedet\/","author":{"@type":"Person","@id":"https:\/\/www.salis.cz\/author\/#Person","name":"","url":"https:\/\/www.salis.cz\/author\/","identifier":1,"image":{"@type":"ImageObject","@id":"https:\/\/secure.gravatar.com\/avatar\/dac37d998cdbc92cc7ee5d23d4d689a369122af40c5450007470acab45b61d68?s=96&d=mm&r=g","url":"https:\/\/secure.gravatar.com\/avatar\/dac37d998cdbc92cc7ee5d23d4d689a369122af40c5450007470acab45b61d68?s=96&d=mm&r=g","height":96,"width":96}},"publisher":{"@type":"Organization","name":"salis.cz","logo":{"@type":"ImageObject","@id":"\/logo.png","url":"\/logo.png","width":600,"height":60}},"image":{"@type":"ImageObject","@id":"https:\/\/www.salis.cz\/wp-content\/uploads\/seo-gfcc508d42_640.jpg","url":"https:\/\/www.salis.cz\/wp-content\/uploads\/seo-gfcc508d42_640.jpg","height":0,"width":0},"keywords":null},{"@type":"Article","@id":"https:\/\/www.salis.cz\/zvyste-prestiz-vasi-firmy\/","headline":"Zvy\u0161te presti\u017e va\u0161\u00ed firmy","url":"https:\/\/www.salis.cz\/zvyste-prestiz-vasi-firmy\/","datePublished":"2023-01-22","dateModified":"2023-05-30","mainEntityOfPage":"https:\/\/www.salis.cz\/zvyste-prestiz-vasi-firmy\/","author":{"@type":"Person","@id":"https:\/\/www.salis.cz\/author\/#Person","name":"","url":"https:\/\/www.salis.cz\/author\/","identifier":1,"image":{"@type":"ImageObject","@id":"https:\/\/secure.gravatar.com\/avatar\/dac37d998cdbc92cc7ee5d23d4d689a369122af40c5450007470acab45b61d68?s=96&d=mm&r=g","url":"https:\/\/secure.gravatar.com\/avatar\/dac37d998cdbc92cc7ee5d23d4d689a369122af40c5450007470acab45b61d68?s=96&d=mm&r=g","height":96,"width":96}},"publisher":{"@type":"Organization","name":"salis.cz","logo":{"@type":"ImageObject","@id":"\/logo.png","url":"\/logo.png","width":600,"height":60}},"image":{"@type":"ImageObject","@id":"https:\/\/www.salis.cz\/wp-content\/uploads\/quality-g50a57121d_640.jpg","url":"https:\/\/www.salis.cz\/wp-content\/uploads\/quality-g50a57121d_640.jpg","height":0,"width":0},"keywords":null},{"@type":"Article","@id":"https:\/\/www.salis.cz\/ziskejte-postavu-snu\/","headline":"Z\u00edskejte postavu sn\u016f","url":"https:\/\/www.salis.cz\/ziskejte-postavu-snu\/","datePublished":"2023-01-09","dateModified":"2023-11-23","mainEntityOfPage":"https:\/\/www.salis.cz\/ziskejte-postavu-snu\/","author":{"@type":"Person","@id":"https:\/\/www.salis.cz\/author\/#Person","name":"","url":"https:\/\/www.salis.cz\/author\/","identifier":1,"image":{"@type":"ImageObject","@id":"https:\/\/secure.gravatar.com\/avatar\/dac37d998cdbc92cc7ee5d23d4d689a369122af40c5450007470acab45b61d68?s=96&d=mm&r=g","url":"https:\/\/secure.gravatar.com\/avatar\/dac37d998cdbc92cc7ee5d23d4d689a369122af40c5450007470acab45b61d68?s=96&d=mm&r=g","height":96,"width":96}},"publisher":{"@type":"Organization","name":"salis.cz","logo":{"@type":"ImageObject","@id":"\/logo.png","url":"\/logo.png","width":600,"height":60}},"image":{"@type":"ImageObject","@id":"https:\/\/www.salis.cz\/wp-content\/uploads\/man-2604149_640_10_2.jpg","url":"https:\/\/www.salis.cz\/wp-content\/uploads\/man-2604149_640_10_2.jpg","height":0,"width":0},"keywords":null},{"@type":"Article","@id":"https:\/\/www.salis.cz\/dovolena-jako-v-nebi\/","headline":"Dovolen\u00e1 jako v nebi","url":"https:\/\/www.salis.cz\/dovolena-jako-v-nebi\/","datePublished":"2022-12-19","dateModified":"2022-12-19","mainEntityOfPage":"https:\/\/www.salis.cz\/dovolena-jako-v-nebi\/","author":{"@type":"Person","@id":"https:\/\/www.salis.cz\/author\/#Person","name":"","url":"https:\/\/www.salis.cz\/author\/","identifier":1,"image":{"@type":"ImageObject","@id":"https:\/\/secure.gravatar.com\/avatar\/dac37d998cdbc92cc7ee5d23d4d689a369122af40c5450007470acab45b61d68?s=96&d=mm&r=g","url":"https:\/\/secure.gravatar.com\/avatar\/dac37d998cdbc92cc7ee5d23d4d689a369122af40c5450007470acab45b61d68?s=96&d=mm&r=g","height":96,"width":96}},"publisher":{"@type":"Organization","name":"salis.cz","logo":{"@type":"ImageObject","@id":"\/logo.png","url":"\/logo.png","width":600,"height":60}},"image":{"@type":"ImageObject","@id":"https:\/\/www.salis.cz\/wp-content\/uploads\/rough-horn-g76605a6a2_640.jpg","url":"https:\/\/www.salis.cz\/wp-content\/uploads\/rough-horn-g76605a6a2_640.jpg","height":0,"width":0},"keywords":null}]}