{"@context":"https:\/\/schema.org\/","@type":"CollectionPage","@id":"https:\/\/www.salis.cz\/spolecnosti\/#CollectionPage","headline":"Spole\u010dnosti Category","description":"","url":"https:\/\/www.salis.cz\/spolecnosti\/","hasPart":[{"@type":"Article","@id":"https:\/\/www.salis.cz\/na-jadranu-jako-doma\/","headline":"Na Jadranu jako doma!","url":"https:\/\/www.salis.cz\/na-jadranu-jako-doma\/","datePublished":"2022-12-17","dateModified":"2023-05-30","mainEntityOfPage":"https:\/\/www.salis.cz\/na-jadranu-jako-doma\/","author":{"@type":"Person","@id":"https:\/\/www.salis.cz\/author\/#Person","name":"","url":"https:\/\/www.salis.cz\/author\/","identifier":1,"image":{"@type":"ImageObject","@id":"https:\/\/secure.gravatar.com\/avatar\/dac37d998cdbc92cc7ee5d23d4d689a369122af40c5450007470acab45b61d68?s=96&d=mm&r=g","url":"https:\/\/secure.gravatar.com\/avatar\/dac37d998cdbc92cc7ee5d23d4d689a369122af40c5450007470acab45b61d68?s=96&d=mm&r=g","height":96,"width":96}},"publisher":{"@type":"Organization","name":"salis.cz","logo":{"@type":"ImageObject","@id":"\/logo.png","url":"\/logo.png","width":600,"height":60}},"image":{"@type":"ImageObject","@id":"https:\/\/www.salis.cz\/wp-content\/uploads\/croatia-1611128_640_5.jpg","url":"https:\/\/www.salis.cz\/wp-content\/uploads\/croatia-1611128_640_5.jpg","height":0,"width":0},"keywords":null},{"@type":"Article","@id":"https:\/\/www.salis.cz\/pronajem-skladu-po-dobu-rekonstrukce-vasi-nemovitosti\/","headline":"Pron\u00e1jem skladu po dobu rekonstrukce va\u0161\u00ed nemovitosti","url":"https:\/\/www.salis.cz\/pronajem-skladu-po-dobu-rekonstrukce-vasi-nemovitosti\/","datePublished":"2022-12-11","dateModified":"2023-05-30","mainEntityOfPage":"https:\/\/www.salis.cz\/pronajem-skladu-po-dobu-rekonstrukce-vasi-nemovitosti\/","author":{"@type":"Person","@id":"https:\/\/www.salis.cz\/author\/#Person","name":"","url":"https:\/\/www.salis.cz\/author\/","identifier":1,"image":{"@type":"ImageObject","@id":"https:\/\/secure.gravatar.com\/avatar\/dac37d998cdbc92cc7ee5d23d4d689a369122af40c5450007470acab45b61d68?s=96&d=mm&r=g","url":"https:\/\/secure.gravatar.com\/avatar\/dac37d998cdbc92cc7ee5d23d4d689a369122af40c5450007470acab45b61d68?s=96&d=mm&r=g","height":96,"width":96}},"publisher":{"@type":"Organization","name":"salis.cz","logo":{"@type":"ImageObject","@id":"\/logo.png","url":"\/logo.png","width":600,"height":60}},"image":{"@type":"ImageObject","@id":"https:\/\/www.salis.cz\/wp-content\/uploads\/antwerp-g251bb304f_640_1.jpg","url":"https:\/\/www.salis.cz\/wp-content\/uploads\/antwerp-g251bb304f_640_1.jpg","height":0,"width":0},"keywords":null},{"@type":"Article","@id":"https:\/\/www.salis.cz\/sidla-byvaji-ruzna\/","headline":"S\u00eddla b\u00fdvaj\u00ed r\u016fzn\u00e1","url":"https:\/\/www.salis.cz\/sidla-byvaji-ruzna\/","datePublished":"2022-11-22","dateModified":"2023-05-30","mainEntityOfPage":"https:\/\/www.salis.cz\/sidla-byvaji-ruzna\/","author":{"@type":"Person","@id":"https:\/\/www.salis.cz\/author\/#Person","name":"","url":"https:\/\/www.salis.cz\/author\/","identifier":1,"image":{"@type":"ImageObject","@id":"https:\/\/secure.gravatar.com\/avatar\/dac37d998cdbc92cc7ee5d23d4d689a369122af40c5450007470acab45b61d68?s=96&d=mm&r=g","url":"https:\/\/secure.gravatar.com\/avatar\/dac37d998cdbc92cc7ee5d23d4d689a369122af40c5450007470acab45b61d68?s=96&d=mm&r=g","height":96,"width":96}},"publisher":{"@type":"Organization","name":"salis.cz","logo":{"@type":"ImageObject","@id":"\/logo.png","url":"\/logo.png","width":600,"height":60}},"image":{"@type":"ImageObject","@id":"https:\/\/www.salis.cz\/wp-content\/uploads\/f3.jpg","url":"https:\/\/www.salis.cz\/wp-content\/uploads\/f3.jpg","height":0,"width":0},"keywords":null},{"@type":"Article","@id":"https:\/\/www.salis.cz\/stehovani-se-neobejde-bez-parkovacich-mist\/","headline":"St\u011bhov\u00e1n\u00ed se neobejde bez parkovac\u00edch m\u00edst","url":"https:\/\/www.salis.cz\/stehovani-se-neobejde-bez-parkovacich-mist\/","datePublished":"2022-11-15","dateModified":"2023-05-30","mainEntityOfPage":"https:\/\/www.salis.cz\/stehovani-se-neobejde-bez-parkovacich-mist\/","author":{"@type":"Person","@id":"https:\/\/www.salis.cz\/author\/#Person","name":"","url":"https:\/\/www.salis.cz\/author\/","identifier":1,"image":{"@type":"ImageObject","@id":"https:\/\/secure.gravatar.com\/avatar\/dac37d998cdbc92cc7ee5d23d4d689a369122af40c5450007470acab45b61d68?s=96&d=mm&r=g","url":"https:\/\/secure.gravatar.com\/avatar\/dac37d998cdbc92cc7ee5d23d4d689a369122af40c5450007470acab45b61d68?s=96&d=mm&r=g","height":96,"width":96}},"publisher":{"@type":"Organization","name":"salis.cz","logo":{"@type":"ImageObject","@id":"\/logo.png","url":"\/logo.png","width":600,"height":60}},"image":{"@type":"ImageObject","@id":"https:\/\/www.salis.cz\/wp-content\/uploads\/businessman-g5662188d0_640.jpg","url":"https:\/\/www.salis.cz\/wp-content\/uploads\/businessman-g5662188d0_640.jpg","height":0,"width":0},"keywords":null},{"@type":"Article","@id":"https:\/\/www.salis.cz\/company-first-meeting\/","headline":"Company &#8211; first meeting!","url":"https:\/\/www.salis.cz\/company-first-meeting\/","datePublished":"2022-11-14","dateModified":"2023-05-30","mainEntityOfPage":"https:\/\/www.salis.cz\/company-first-meeting\/","author":{"@type":"Person","@id":"https:\/\/www.salis.cz\/author\/#Person","name":"","url":"https:\/\/www.salis.cz\/author\/","identifier":1,"image":{"@type":"ImageObject","@id":"https:\/\/secure.gravatar.com\/avatar\/dac37d998cdbc92cc7ee5d23d4d689a369122af40c5450007470acab45b61d68?s=96&d=mm&r=g","url":"https:\/\/secure.gravatar.com\/avatar\/dac37d998cdbc92cc7ee5d23d4d689a369122af40c5450007470acab45b61d68?s=96&d=mm&r=g","height":96,"width":96}},"publisher":{"@type":"Organization","name":"salis.cz","logo":{"@type":"ImageObject","@id":"\/logo.png","url":"\/logo.png","width":600,"height":60}},"image":{"@type":"ImageObject","@id":"https:\/\/www.salis.cz\/wp-content\/uploads\/a3-poster-g1a59d4177_640.png","url":"https:\/\/www.salis.cz\/wp-content\/uploads\/a3-poster-g1a59d4177_640.png","height":0,"width":0},"keywords":null},{"@type":"Article","@id":"https:\/\/www.salis.cz\/uz-jsme-si-na-to-zvykli\/","headline":"U\u017e jsme si na to zvykli","url":"https:\/\/www.salis.cz\/uz-jsme-si-na-to-zvykli\/","datePublished":"2022-11-12","dateModified":"2023-05-30","mainEntityOfPage":"https:\/\/www.salis.cz\/uz-jsme-si-na-to-zvykli\/","author":{"@type":"Person","@id":"https:\/\/www.salis.cz\/author\/#Person","name":"","url":"https:\/\/www.salis.cz\/author\/","identifier":1,"image":{"@type":"ImageObject","@id":"https:\/\/secure.gravatar.com\/avatar\/dac37d998cdbc92cc7ee5d23d4d689a369122af40c5450007470acab45b61d68?s=96&d=mm&r=g","url":"https:\/\/secure.gravatar.com\/avatar\/dac37d998cdbc92cc7ee5d23d4d689a369122af40c5450007470acab45b61d68?s=96&d=mm&r=g","height":96,"width":96}},"publisher":{"@type":"Organization","name":"salis.cz","logo":{"@type":"ImageObject","@id":"\/logo.png","url":"\/logo.png","width":600,"height":60}},"image":{"@type":"ImageObject","@id":"https:\/\/www.salis.cz\/wp-content\/uploads\/instalat%C3%A9rsk%C3%A9%20kle%C5%A1t%C4%9B_4.jpg","url":"https:\/\/www.salis.cz\/wp-content\/uploads\/instalat%C3%A9rsk%C3%A9%20kle%C5%A1t%C4%9B_4.jpg","height":0,"width":0},"keywords":null},{"@type":"Article","@id":"https:\/\/www.salis.cz\/aktivity-ktere-musite-vyzkouset-v-zime\/","headline":"Aktivity, kter\u00e9 mus\u00edte vyzkou\u0161et v zim\u011b","url":"https:\/\/www.salis.cz\/aktivity-ktere-musite-vyzkouset-v-zime\/","datePublished":"2022-10-30","dateModified":"2023-05-30","mainEntityOfPage":"https:\/\/www.salis.cz\/aktivity-ktere-musite-vyzkouset-v-zime\/","author":{"@type":"Person","@id":"https:\/\/www.salis.cz\/author\/#Person","name":"","url":"https:\/\/www.salis.cz\/author\/","identifier":1,"image":{"@type":"ImageObject","@id":"https:\/\/secure.gravatar.com\/avatar\/dac37d998cdbc92cc7ee5d23d4d689a369122af40c5450007470acab45b61d68?s=96&d=mm&r=g","url":"https:\/\/secure.gravatar.com\/avatar\/dac37d998cdbc92cc7ee5d23d4d689a369122af40c5450007470acab45b61d68?s=96&d=mm&r=g","height":96,"width":96}},"publisher":{"@type":"Organization","name":"salis.cz","logo":{"@type":"ImageObject","@id":"\/logo.png","url":"\/logo.png","width":600,"height":60}},"image":{"@type":"ImageObject","@id":"https:\/\/www.salis.cz\/wp-content\/uploads\/pexels-lisa-fotios-730256.jpg","url":"https:\/\/www.salis.cz\/wp-content\/uploads\/pexels-lisa-fotios-730256.jpg","height":0,"width":0},"keywords":null},{"@type":"Article","@id":"https:\/\/www.salis.cz\/presne-ucetnictvi\/","headline":"P\u0159esn\u00e9 \u00fa\u010detnictv\u00ed","url":"https:\/\/www.salis.cz\/presne-ucetnictvi\/","datePublished":"2022-10-28","dateModified":"2023-05-30","mainEntityOfPage":"https:\/\/www.salis.cz\/presne-ucetnictvi\/","author":{"@type":"Person","@id":"https:\/\/www.salis.cz\/author\/#Person","name":"","url":"https:\/\/www.salis.cz\/author\/","identifier":1,"image":{"@type":"ImageObject","@id":"https:\/\/secure.gravatar.com\/avatar\/dac37d998cdbc92cc7ee5d23d4d689a369122af40c5450007470acab45b61d68?s=96&d=mm&r=g","url":"https:\/\/secure.gravatar.com\/avatar\/dac37d998cdbc92cc7ee5d23d4d689a369122af40c5450007470acab45b61d68?s=96&d=mm&r=g","height":96,"width":96}},"publisher":{"@type":"Organization","name":"salis.cz","logo":{"@type":"ImageObject","@id":"\/logo.png","url":"\/logo.png","width":600,"height":60}},"image":{"@type":"ImageObject","@id":"https:\/\/www.salis.cz\/wp-content\/uploads\/calculator-1044172_960_720_3.jpg","url":"https:\/\/www.salis.cz\/wp-content\/uploads\/calculator-1044172_960_720_3.jpg","height":0,"width":0},"keywords":null},{"@type":"Article","@id":"https:\/\/www.salis.cz\/nechte-si-s-byznysem-pomoci\/","headline":"Nechte si s byznysem pomoci","url":"https:\/\/www.salis.cz\/nechte-si-s-byznysem-pomoci\/","datePublished":"2022-10-27","dateModified":"2023-05-30","mainEntityOfPage":"https:\/\/www.salis.cz\/nechte-si-s-byznysem-pomoci\/","author":{"@type":"Person","@id":"https:\/\/www.salis.cz\/author\/#Person","name":"","url":"https:\/\/www.salis.cz\/author\/","identifier":1,"image":{"@type":"ImageObject","@id":"https:\/\/secure.gravatar.com\/avatar\/dac37d998cdbc92cc7ee5d23d4d689a369122af40c5450007470acab45b61d68?s=96&d=mm&r=g","url":"https:\/\/secure.gravatar.com\/avatar\/dac37d998cdbc92cc7ee5d23d4d689a369122af40c5450007470acab45b61d68?s=96&d=mm&r=g","height":96,"width":96}},"publisher":{"@type":"Organization","name":"salis.cz","logo":{"@type":"ImageObject","@id":"\/logo.png","url":"\/logo.png","width":600,"height":60}},"image":{"@type":"ImageObject","@id":"https:\/\/www.salis.cz\/wp-content\/uploads\/hled%C3%A1n%C3%AD%20na%20netu_9.jpg","url":"https:\/\/www.salis.cz\/wp-content\/uploads\/hled%C3%A1n%C3%AD%20na%20netu_9.jpg","height":0,"width":0},"keywords":null},{"@type":"Article","@id":"https:\/\/www.salis.cz\/dovolena-ve-velkem-mederu-nemusi-byt-zadna-nuda\/","headline":"Dovolen\u00e1 ve Velk\u00e9m Mederu nemus\u00ed b\u00fdt \u017e\u00e1dn\u00e1 nuda","url":"https:\/\/www.salis.cz\/dovolena-ve-velkem-mederu-nemusi-byt-zadna-nuda\/","datePublished":"2022-10-25","dateModified":"2023-05-30","mainEntityOfPage":"https:\/\/www.salis.cz\/dovolena-ve-velkem-mederu-nemusi-byt-zadna-nuda\/","author":{"@type":"Person","@id":"https:\/\/www.salis.cz\/author\/#Person","name":"","url":"https:\/\/www.salis.cz\/author\/","identifier":1,"image":{"@type":"ImageObject","@id":"https:\/\/secure.gravatar.com\/avatar\/dac37d998cdbc92cc7ee5d23d4d689a369122af40c5450007470acab45b61d68?s=96&d=mm&r=g","url":"https:\/\/secure.gravatar.com\/avatar\/dac37d998cdbc92cc7ee5d23d4d689a369122af40c5450007470acab45b61d68?s=96&d=mm&r=g","height":96,"width":96}},"publisher":{"@type":"Organization","name":"salis.cz","logo":{"@type":"ImageObject","@id":"\/logo.png","url":"\/logo.png","width":600,"height":60}},"image":{"@type":"ImageObject","@id":"https:\/\/www.salis.cz\/wp-content\/uploads\/water-gf306830e0_640.jpg","url":"https:\/\/www.salis.cz\/wp-content\/uploads\/water-gf306830e0_640.jpg","height":0,"width":0},"keywords":null}]}