[{"@context":"https:\/\/schema.org\/","@type":"Article","@id":"https:\/\/www.salis.cz\/vnimani-krasy\/#Article","mainEntityOfPage":"https:\/\/www.salis.cz\/vnimani-krasy\/","headline":"Vn\u00edm\u00e1n\u00ed kr\u00e1sy","name":"Vn\u00edm\u00e1n\u00ed kr\u00e1sy","description":"Db\u00e1te hodn\u011b na svoji kr\u00e1su? J\u00e1 ano. Proto taky moje jasn\u00e1 volba byla, \u017ee se vyu\u010d\u00edm kosmetickou. Proto\u017ee od ml\u00e1d\u00ed m\u011b hodn\u011b bavilo si prohl\u00ed\u017eet taky kosmetick\u00e9 katalogy, kde se&hellip;","datePublished":"2022-04-23","dateModified":"2022-04-23","author":{"@type":"Person","@id":"https:\/\/www.salis.cz\/author\/#Person","name":"","url":"https:\/\/www.salis.cz\/author\/","identifier":1,"image":{"@type":"ImageObject","@id":"https:\/\/secure.gravatar.com\/avatar\/dac37d998cdbc92cc7ee5d23d4d689a369122af40c5450007470acab45b61d68?s=96&d=mm&r=g","url":"https:\/\/secure.gravatar.com\/avatar\/dac37d998cdbc92cc7ee5d23d4d689a369122af40c5450007470acab45b61d68?s=96&d=mm&r=g","height":96,"width":96}},"publisher":{"@type":"Organization","name":"salis.cz","logo":{"@type":"ImageObject","@id":"\/logo.png","url":"\/logo.png","width":600,"height":60}},"image":{"@type":"ImageObject","@id":"https:\/\/www.salis.cz\/wp-content\/uploads\/woman-1246488_960_720.jpg","url":"https:\/\/www.salis.cz\/wp-content\/uploads\/woman-1246488_960_720.jpg","height":0,"width":0},"url":"https:\/\/www.salis.cz\/vnimani-krasy\/","about":["Kr\u00e1sa"],"wordCount":433,"articleBody":"Db\u00e1te hodn\u011b na svoji kr\u00e1su? J\u00e1 ano. Proto taky moje jasn\u00e1 volba byla, \u017ee se vyu\u010d\u00edm kosmetickou. Proto\u017ee od ml\u00e1d\u00ed m\u011b hodn\u011b bavilo si prohl\u00ed\u017eet taky kosmetick\u00e9 katalogy, kde se taky daly objednat opravdu p\u011bkn\u00e9 kousky. Odmali\u010dka jsem m\u011bla r\u00e1da malov\u00e1n\u00ed obr\u00e1zk\u016f a pozd\u011bji taky obli\u010deje. A proto jsme si \u0159ekla, pro\u010d bych nemohla b\u00fdt\u00a0t\u0159eba\u00a0kosmeti\u010dkou, kdy\u017e m\u011b bav\u00ed kr\u00e1sa a p\u00e9\u010de o zevn\u011bj\u0161ek? Bavilo m\u011b pou\u017e\u00edvat mamin\u010diny parf\u00e9my, ale taky l\u00ed\u010didla, tak\u017ee jsem n\u011bkdy vypadala opravdu jako klaun. M\u016fj obli\u010dej byl pomalovan\u00fd o\u010dn\u00edmi st\u00edny, \u017ee to vypadalo, jako kdybych se t\u00fdden nemyla. Nicm\u00e9n\u011b ale \u0159ekla jsem si, \u017ee \u010d\u00edm v\u00edce l\u00e9\u010ditel m\u00e1m na sob\u011b, tak t\u00edm l\u00e9pe. A myslela jsem si, \u017ee jsem hodn\u011b kr\u00e1sn\u00e1. A tady ale samoz\u0159ejm\u011b plat\u00ed, \u017ee \u010d\u00edm m\u00e9n\u011b t\u00edm l\u00e9pe. Alespo\u0148 j\u00e1 si to mysl\u00edm, \u017ee to takhle plat\u00ed u malov\u00e1n\u00ed pleti. Kdy\u017e tedy nejdete n\u011bkam na karneval nebo\u00a0bl\u00e1znivou\u00a0akci. Tak\u017ee neznamen\u00e1, \u017ee pokud se hodn\u011b namalujete kosmetikou, tak budete kr\u00e1sn\u00e1. To ne. Proto\u017ee kr\u00e1sa je pom\u00edjiv\u00e1. A taky z\u00e1le\u017e\u00ed na tom, jak kdo kr\u00e1su vn\u00edm\u00e1. N\u011bkdo m\u00e1 r\u00e1d t\u0159eba\u00a0p\u0159irozenost.J\u00e1 t\u0159eba si mysl\u00edm, \u017ee kr\u00e1sa je jak vn\u011bj\u0161\u00ed, taky vnit\u0159n\u00ed. Podle m\u00e9ho n\u00e1zoru by m\u011bly b\u00fdt ob\u011b vyrovnan\u00e9. Proto\u017ee na co by v\u00e1m byla vn\u011bj\u0161\u00ed kr\u00e1sa, kdybyste se neum\u011bli spr\u00e1vn\u011b chovat? Tohle \u0159\u00edkali m\u016fj p\u0159\u00edtel. M\u016fj p\u0159\u00edtel \u0159ekl, \u017ee by rad\u0161i chodil s oby\u010dejnou venkovankou z poh\u00e1dky ne\u017e t\u0159eba s princeznou, kter\u00e1 se chov\u00e1 jako hulv\u00e1t. Mus\u00edm \u0159\u00edct, \u017ee tohle p\u0159irovn\u00e1n\u00ed m\u011b hodn\u011b\u00a0tedy\u00a0pobavilo a taky pot\u011b\u0161ilo. Proto\u017ee m\u016fj p\u0159\u00edtel mi \u0159ekl, \u017ee mu nejde tak ani o vn\u011bj\u0161\u00ed kr\u00e1su, jako o tu vnit\u0159n\u00ed kr\u00e1su. M\u016fj p\u0159\u00edtel chce m\u00edt pr\u00fd spokojen\u00fd \u017eivot. Ale i tak j\u00e1 se star\u00e1m o svou vn\u011bj\u0161\u00ed kr\u00e1su, proto\u017ee m\u011b to hodn\u011b bav\u00ed. Jsem nav\u00edc kosmeti\u010dka, tak\u017ee podle toho chci taky vypadat. Bav\u00ed m\u011b m\u00f3da a kosmetika, tak jsem si \u0159ekla, \u017ee si taky otev\u0159u sv\u00e9 vlastn\u00ed kosmetick\u00e9 studio. A mus\u00edm \u0159\u00edct, \u017ee se mi\u00a0hodn\u011b\u00a0da\u0159\u00ed, co\u017e je\u00a0fajn.                                                                                                                                                                                                                                                                                                                                                                                                "},{"@context":"https:\/\/schema.org\/","@type":"BreadcrumbList","itemListElement":[{"@type":"ListItem","position":1,"name":"Vn\u00edm\u00e1n\u00ed kr\u00e1sy","item":"https:\/\/www.salis.cz\/vnimani-krasy\/#breadcrumbitem"}]}]