[{"@context":"https:\/\/schema.org\/","@type":"Article","@id":"https:\/\/www.salis.cz\/vylety-se-psem\/#Article","mainEntityOfPage":"https:\/\/www.salis.cz\/vylety-se-psem\/","headline":"V\u00fdlety se psem","name":"V\u00fdlety se psem","description":"Taky jste se cel\u00fd \u017eivot t\u011b\u0161ili, a\u017e budete m\u00edt auto anebo \u0159idi\u010dsk\u00fd pr\u016fkaz? Pokud ano, tak se v\u00e1m nediv\u00edm. Proto\u017ee kdy\u017e m\u00e1te automobil, tak je to velik\u00e1 volnost, proto\u017ee m\u016f\u017eete&hellip;","datePublished":"2022-04-06","dateModified":"2023-05-30","author":{"@type":"Person","@id":"https:\/\/www.salis.cz\/author\/#Person","name":"","url":"https:\/\/www.salis.cz\/author\/","identifier":1,"image":{"@type":"ImageObject","@id":"https:\/\/secure.gravatar.com\/avatar\/dac37d998cdbc92cc7ee5d23d4d689a369122af40c5450007470acab45b61d68?s=96&d=mm&r=g","url":"https:\/\/secure.gravatar.com\/avatar\/dac37d998cdbc92cc7ee5d23d4d689a369122af40c5450007470acab45b61d68?s=96&d=mm&r=g","height":96,"width":96}},"publisher":{"@type":"Organization","name":"salis.cz","logo":{"@type":"ImageObject","@id":"\/logo.png","url":"\/logo.png","width":600,"height":60}},"image":{"@type":"ImageObject","@id":"https:\/\/www.salis.cz\/wp-content\/uploads\/dog-1850465_960_720_1.jpg","url":"https:\/\/www.salis.cz\/wp-content\/uploads\/dog-1850465_960_720_1.jpg","height":0,"width":0},"url":"https:\/\/www.salis.cz\/vylety-se-psem\/","about":["Auto moto"],"wordCount":481,"articleBody":"Taky jste se cel\u00fd \u017eivot t\u011b\u0161ili, a\u017e budete m\u00edt auto anebo \u0159idi\u010dsk\u00fd pr\u016fkaz? Pokud ano, tak se v\u00e1m nediv\u00edm. Proto\u017ee kdy\u017e m\u00e1te automobil, tak je to velik\u00e1 volnost, proto\u017ee m\u016f\u017eete d\u011blat opravdu cokoliv se v\u00e1m zachce, tak\u017ee si potom taky m\u016f\u017eete vyb\u00edrat \u010das, kdy n\u011bkam pojedete anebo co se v\u00e1m chce d\u011blat. Taky d\u00edky autu a automobilu m\u016f\u017eete jezdit na r\u016fzn\u00e9 v\u00fdlety a tak podobn\u011b. Anebo taky m\u016f\u017eete samoz\u0159ejm\u011b jezdit na dlouh\u00e9 dovolen\u00e9 nebo jenom tak na n\u011bjakou vyhl\u00eddku, kter\u00e1 by se v\u00e1m l\u00edbila. A ta volnost, \u017ee nemus\u00edte autobusem!\u00a0Nav\u00edc m\u011b autem velice bav\u00ed jezdit na v\u00fdlety s m\u00fdm \u010dty\u0159noh\u00fdm mil\u00e1\u010dkem. Je to kr\u00e1sn\u00e9 mal\u00e9 ps\u00ed plemeno, kter\u00e9 jsem dostala p\u0159ed dv\u011bma lety na V\u00e1noce jako d\u00e1rek. Jsem opravdu r\u00e1da, \u017ee jsem takov\u00fd d\u00e1rek dostala. I kdy\u017e se samoz\u0159ejm\u011b \u0159\u00edk\u00e1, \u017ee zv\u00ed\u0159ata se nemaj\u00ed d\u00e1vat jako d\u00e1rky k narozenin\u00e1m anebo na V\u00e1noce. Jenom\u017ee j\u00e1 jsem si pejska p\u0159\u00e1la u\u017e asi p\u016fl roku nebo mo\u017en\u00e1 d\u00e9le. Tak toho z rodiny n\u011bkdo vyu\u017eil a po\u0159\u00eddil mi na V\u00e1noce opravdu kr\u00e1sn\u00e9 \u0161t\u011b\u0148\u00e1tko. Byla jsem velice r\u00e1da. Nav\u00edc jsem velice ak\u010dn\u00ed typ, miluji sport, tak\u017ee se mi ps\u00ed spole\u010dn\u00edk opravdu hodn\u011b hodil. Nav\u00edc kdy\u017e u\u017e jsem m\u011bla auto, tak jsem vyu\u017eila toho, \u017ee jsem taky s m\u00fdm pejskem jezdila na sout\u011b\u017ee a taky na cvi\u010d\u00e1k. Cht\u011bla jsem, aby m\u016fj pes skv\u011ble\u00a0poslouchal,\u00a0a nav\u00edc ho sport bav\u00ed, stejn\u011b jako m\u011b. Tak\u017ee jsem byla r\u00e1da, \u017ee alespo\u0148 mohu jezdit takhle. A taky, kdy\u017e si potom m\u016fj bratr po\u0159\u00eddil taky sv\u00e9ho mal\u00e9ho psa, tak jsme potom jezdili taky na cvi\u010d\u00e1k spolu. Pozd\u011bji se k n\u00e1m p\u0159idala taky moje kamar\u00e1dka, kter\u00e1 m\u00e1 sice v\u011bt\u0161\u00ed plemeno, ale m\u00e1 zase velk\u00e9 auto. Tak\u017ee jsme jej\u00edm autem potom taky jezdili na r\u016fzn\u00e9 ps\u00ed sout\u011b\u017ee, tak\u017ee z n\u00e1s nakonec byla opravdu skv\u011bl\u00e1 parta. Na v\u00fdletech a taky na zm\u00edn\u011bn\u00fdch sout\u011b\u017e\u00edch jsme potkali mnoho zaj\u00edmav\u00fdch p\u0159\u00e1tel a jsme r\u00e1di, \u017ee pr\u00e1v\u011b kvalitn\u00ed auto n\u00e1m k tomu pomohlo. A nejenom k pevn\u00e9mu p\u0159\u00e1telstv\u00ed a pejsk\u016fm, ale taky samoz\u0159ejm\u011b k dal\u0161\u00edm p\u0159\u00e1tel\u016fm, kter\u00fdch nen\u00ed samoz\u0159ejm\u011b nikdy dost. A taky byste\u00a0jezdili\u00a0na v\u00fdlety, kdyby jste m\u011bli skv\u011bl\u00e9 a velk\u00e9 auto? M\u016fj sen je m\u00edt\u00a0je\u0161t\u011b\u00a0velkou dod\u00e1vku,\u00a0kterou\u00a0bych jezdila na del\u0161\u00ed trasy.\u00a0                                                                                                                                                                                                                                                                                                                                                                                                "},{"@context":"https:\/\/schema.org\/","@type":"BreadcrumbList","itemListElement":[{"@type":"ListItem","position":1,"name":"V\u00fdlety se psem","item":"https:\/\/www.salis.cz\/vylety-se-psem\/#breadcrumbitem"}]}]