[{"@context":"https:\/\/schema.org\/","@type":"Article","@id":"https:\/\/www.salis.cz\/zeleny-koutek-z-hlinikovych-ramu\/#Article","mainEntityOfPage":"https:\/\/www.salis.cz\/zeleny-koutek-z-hlinikovych-ramu\/","headline":"Zelen\u00fd koutek z hlin\u00edkov\u00fdch r\u00e1m\u016f","name":"Zelen\u00fd koutek z hlin\u00edkov\u00fdch r\u00e1m\u016f","description":"Pokud jste se rozhodli vytvo\u0159it si zelenou o\u00e1zu p\u0159\u00edmo v dom\u00e1c\u00edm prost\u0159ed\u00ed. Chcete pl\u00e1novat jist\u011b d\u00e1l a m\u00e1te sv\u00e9 p\u0159edstavy o proveden\u00ed a um\u00edst\u011bn\u00ed. Nyn\u00ed p\u0159ich\u00e1z\u00ed na \u0159adu v\u00fdb\u011br materi\u00e1lu&hellip;","datePublished":"2024-11-19","dateModified":"2024-11-19","author":{"@type":"Person","@id":"https:\/\/www.salis.cz\/author\/#Person","name":"","url":"https:\/\/www.salis.cz\/author\/","identifier":1,"image":{"@type":"ImageObject","@id":"https:\/\/secure.gravatar.com\/avatar\/dac37d998cdbc92cc7ee5d23d4d689a369122af40c5450007470acab45b61d68?s=96&d=mm&r=g","url":"https:\/\/secure.gravatar.com\/avatar\/dac37d998cdbc92cc7ee5d23d4d689a369122af40c5450007470acab45b61d68?s=96&d=mm&r=g","height":96,"width":96}},"publisher":{"@type":"Organization","name":"salis.cz","logo":{"@type":"ImageObject","@id":"\/logo.png","url":"\/logo.png","width":600,"height":60}},"url":"https:\/\/www.salis.cz\/zeleny-koutek-z-hlinikovych-ramu\/","wordCount":201,"articleBody":"Pokud jste se rozhodli vytvo\u0159it si zelenou o\u00e1zu p\u0159\u00edmo v dom\u00e1c\u00edm prost\u0159ed\u00ed. Chcete pl\u00e1novat jist\u011b d\u00e1l a m\u00e1te sv\u00e9 p\u0159edstavy o proveden\u00ed a um\u00edst\u011bn\u00ed. Nyn\u00ed p\u0159ich\u00e1z\u00ed na \u0159adu v\u00fdb\u011br materi\u00e1lu a nab\u00edz\u00ed se mo\u017enost proveden\u00ed v hlin\u00edku \u010di plastu. Rozhodn\u011b plastov\u00e9 \u0159e\u0161en\u00ed je varianta leh\u010d\u00edho proveden\u00ed a pom\u011brn\u011b \u0161ikovn\u00e9 bez\u00fadr\u017ebov\u00e9 \u0159e\u0161en\u00ed. V proveden\u00ed hlin\u00edkov\u00fdch r\u00e1m\u016f, ale rozhodn\u011b nepochyb\u00edte, kdy\u017e se rozhodnete vyu\u017e\u00edt materi\u00e1lu trvanliv\u011bj\u0161\u00edho a variabiln\u011bj\u0161\u00edho.\tTepeln\u00e9 \u00faspory a z\u00e1rove\u0148 \u0161ikovn\u00e1 izolaceP\u0159i v\u00fdstavb\u011b zimn\u00ed zahrady je t\u0159eba myslet na \u0161ikovn\u00e9 hospoda\u0159en\u00ed a praktick\u00e9 \u0159e\u0161en\u00ed stavby zelen\u00e9ho koutku. Zejm\u00e9na u v\u011bt\u0161\u00edch konstrukc\u00ed je pot\u0159eba po\u010d\u00edtat s v\u011bt\u0161\u00edmi plochami na \u00fanik tepla v chladn\u011bj\u0161\u00edch m\u011bs\u00edc\u00edch roku. V l\u00e9t\u011b zase nastane opa\u010dn\u00fd probl\u00e9m, kdy je pot\u0159eba zajistit v\u011bt\u0161\u00ed izola\u010dn\u00ed ji\u0161t\u011bn\u00ed, aby byl v\u00e1\u0161 prostor klimaticky dob\u0159e zaji\u0161t\u011bn a plnil svoje \u00fa\u010dely jak pro zele\u0148, tak pro posezen\u00ed.                                                                                                                                                                                                                                                                                                                                                                                                "},{"@context":"https:\/\/schema.org\/","@type":"BreadcrumbList","itemListElement":[{"@type":"ListItem","position":1,"name":"Zelen\u00fd koutek z hlin\u00edkov\u00fdch r\u00e1m\u016f","item":"https:\/\/www.salis.cz\/zeleny-koutek-z-hlinikovych-ramu\/#breadcrumbitem"}]}]